{"id":534,"date":"2021-04-23T08:51:25","date_gmt":"2021-04-23T08:51:25","guid":{"rendered":"http:\/\/www.ofenbau-krezdorn.com\/?p=534"},"modified":"2021-05-07T11:36:46","modified_gmt":"2021-05-07T11:36:46","slug":"nachhaltiges-heizen-und-kochen","status":"publish","type":"post","link":"https:\/\/www.ofenbau-krezdorn.com\/?p=534","title":{"rendered":"Nachhaltiges Heizen und Kochen"},"content":{"rendered":"<p>In einer K\u00fcche in Riffian durften wir einen 70 cm gro\u00dfen Iron Stoker Speicherherd bauen. Die Oberfl\u00e4che in Schwarzstahl wurde mit hitzebest\u00e4ndigem Klarlack lackiert und die L\u00fcftungsschlitze in Edelstahl errichtet. Die integrierte Herdplatte in Glaskeramik eignet sich ausgezeichnet f\u00fcr die Zubereitung von Speisen. Um einer Beschmutzung der wei\u00dfen Wand w\u00e4hrend des Kochens vorzubeugen, haben wir eine Schwarzstahl-Spritzschutzwand installiert. Eine Halterung f\u00fcr das K\u00fcchentuch macht diesen Ofen perfekt.<\/p>\n","protected":false},"excerpt":{"rendered":"<p>In einer K\u00fcche in Riffian durften wir einen 70 cm gro\u00dfen Iron Stoker Speicherherd bauen. Die Oberfl\u00e4che in Schwarzstahl wurde mit hitzebest\u00e4ndigem Klarlack lackiert und die L\u00fcftungsschlitze in Edelstahl errichtet. Die integrierte Herdplatte in Glaskeramik [&hellip;]<\/p>\n","protected":false},"author":1,"featured_media":522,"comment_status":"open","ping_status":"open","sticky":false,"template":"","format":"standard","meta":[],"categories":[1],"tags":[],"acf":[],"yoast_head":"<!-- This site is optimized with the Yoast SEO plugin v19.3 - https:\/\/yoast.com\/wordpress\/plugins\/seo\/ -->\n<title>Nachhaltiges Heizen und Kochen - Ofensetzer Florian Krezdorn<\/title>\n<meta name=\"robots\" content=\"index, follow, max-snippet:-1, max-image-preview:large, max-video-preview:-1\" \/>\n<link rel=\"canonical\" href=\"https:\/\/www.ofenbau-krezdorn.com\/?p=534\" \/>\n<meta property=\"og:locale\" content=\"de_DE\" \/>\n<meta property=\"og:type\" content=\"article\" \/>\n<meta property=\"og:title\" content=\"Nachhaltiges Heizen und Kochen - Ofensetzer Florian Krezdorn\" \/>\n<meta property=\"og:description\" content=\"In einer K\u00fcche in Riffian durften wir einen 70 cm gro\u00dfen Iron Stoker Speicherherd bauen. Die Oberfl\u00e4che in Schwarzstahl wurde mit hitzebest\u00e4ndigem Klarlack lackiert und die L\u00fcftungsschlitze in Edelstahl errichtet. Die integrierte Herdplatte in Glaskeramik [&hellip;]\" \/>\n<meta property=\"og:url\" content=\"https:\/\/www.ofenbau-krezdorn.com\/?p=534\" \/>\n<meta property=\"og:site_name\" content=\"Ofensetzer Florian Krezdorn\" \/>\n<meta property=\"article:published_time\" content=\"2021-04-23T08:51:25+00:00\" \/>\n<meta property=\"article:modified_time\" content=\"2021-05-07T11:36:46+00:00\" \/>\n<meta property=\"og:image\" content=\"https:\/\/www.ofenbau-krezdorn.com\/wp-content\/uploads\/2021\/04\/Riffian.jpg\" \/>\n\t<meta property=\"og:image:width\" content=\"1500\" \/>\n\t<meta property=\"og:image:height\" content=\"1125\" \/>\n\t<meta property=\"og:image:type\" content=\"image\/jpeg\" \/>\n<meta name=\"author\" content=\"effekt\" \/>\n<meta name=\"twitter:card\" content=\"summary\" \/>\n<meta name=\"twitter:label1\" content=\"Verfasst von\" \/>\n\t<meta name=\"twitter:data1\" content=\"effekt\" \/>\n<script type=\"application\/ld+json\" class=\"yoast-schema-graph\">{\"@context\":\"https:\/\/schema.org\",\"@graph\":[{\"@type\":\"WebSite\",\"@id\":\"https:\/\/www.ofenbau-krezdorn.com\/#website\",\"url\":\"https:\/\/www.ofenbau-krezdorn.com\/\",\"name\":\"Ofensetzer Florian Krezdorn\",\"description\":\"St. Martin in Passeier\",\"potentialAction\":[{\"@type\":\"SearchAction\",\"target\":{\"@type\":\"EntryPoint\",\"urlTemplate\":\"https:\/\/www.ofenbau-krezdorn.com\/?s={search_term_string}\"},\"query-input\":\"required name=search_term_string\"}],\"inLanguage\":\"de\"},{\"@type\":\"ImageObject\",\"inLanguage\":\"de\",\"@id\":\"https:\/\/www.ofenbau-krezdorn.com\/?p=534#primaryimage\",\"url\":\"https:\/\/www.ofenbau-krezdorn.com\/wp-content\/uploads\/2021\/04\/Riffian.jpg\",\"contentUrl\":\"https:\/\/www.ofenbau-krezdorn.com\/wp-content\/uploads\/2021\/04\/Riffian.jpg\",\"width\":1500,\"height\":1125},{\"@type\":\"WebPage\",\"@id\":\"https:\/\/www.ofenbau-krezdorn.com\/?p=534\",\"url\":\"https:\/\/www.ofenbau-krezdorn.com\/?p=534\",\"name\":\"Nachhaltiges Heizen und Kochen - Ofensetzer Florian Krezdorn\",\"isPartOf\":{\"@id\":\"https:\/\/www.ofenbau-krezdorn.com\/#website\"},\"primaryImageOfPage\":{\"@id\":\"https:\/\/www.ofenbau-krezdorn.com\/?p=534#primaryimage\"},\"datePublished\":\"2021-04-23T08:51:25+00:00\",\"dateModified\":\"2021-05-07T11:36:46+00:00\",\"author\":{\"@id\":\"https:\/\/www.ofenbau-krezdorn.com\/#\/schema\/person\/19e86c7c6b8976b4128bfaabd33090f4\"},\"breadcrumb\":{\"@id\":\"https:\/\/www.ofenbau-krezdorn.com\/?p=534#breadcrumb\"},\"inLanguage\":\"de\",\"potentialAction\":[{\"@type\":\"ReadAction\",\"target\":[\"https:\/\/www.ofenbau-krezdorn.com\/?p=534\"]}]},{\"@type\":\"BreadcrumbList\",\"@id\":\"https:\/\/www.ofenbau-krezdorn.com\/?p=534#breadcrumb\",\"itemListElement\":[{\"@type\":\"ListItem\",\"position\":1,\"name\":\"Startseite\",\"item\":\"https:\/\/www.ofenbau-krezdorn.com\/\"},{\"@type\":\"ListItem\",\"position\":2,\"name\":\"Nachhaltiges Heizen und Kochen\"}]},{\"@type\":\"Person\",\"@id\":\"https:\/\/www.ofenbau-krezdorn.com\/#\/schema\/person\/19e86c7c6b8976b4128bfaabd33090f4\",\"name\":\"effekt\",\"image\":{\"@type\":\"ImageObject\",\"inLanguage\":\"de\",\"@id\":\"https:\/\/www.ofenbau-krezdorn.com\/#\/schema\/person\/image\/\",\"url\":\"https:\/\/secure.gravatar.com\/avatar\/c61392a2ff54be58ebec60a2e4f0ff1e?s=96&d=mm&r=g\",\"contentUrl\":\"https:\/\/secure.gravatar.com\/avatar\/c61392a2ff54be58ebec60a2e4f0ff1e?s=96&d=mm&r=g\",\"caption\":\"effekt\"},\"url\":\"https:\/\/www.ofenbau-krezdorn.com\/?author=1\"}]}<\/script>\n<!-- \/ Yoast SEO plugin. -->","yoast_head_json":{"title":"Nachhaltiges Heizen und Kochen - Ofensetzer Florian Krezdorn","robots":{"index":"index","follow":"follow","max-snippet":"max-snippet:-1","max-image-preview":"max-image-preview:large","max-video-preview":"max-video-preview:-1"},"canonical":"https:\/\/www.ofenbau-krezdorn.com\/?p=534","og_locale":"de_DE","og_type":"article","og_title":"Nachhaltiges Heizen und Kochen - Ofensetzer Florian Krezdorn","og_description":"In einer K\u00fcche in Riffian durften wir einen 70 cm gro\u00dfen Iron Stoker Speicherherd bauen. Die Oberfl\u00e4che in Schwarzstahl wurde mit hitzebest\u00e4ndigem Klarlack lackiert und die L\u00fcftungsschlitze in Edelstahl errichtet. Die integrierte Herdplatte in Glaskeramik [&hellip;]","og_url":"https:\/\/www.ofenbau-krezdorn.com\/?p=534","og_site_name":"Ofensetzer Florian Krezdorn","article_published_time":"2021-04-23T08:51:25+00:00","article_modified_time":"2021-05-07T11:36:46+00:00","og_image":[{"width":1500,"height":1125,"url":"https:\/\/www.ofenbau-krezdorn.com\/wp-content\/uploads\/2021\/04\/Riffian.jpg","type":"image\/jpeg"}],"author":"effekt","twitter_card":"summary","twitter_misc":{"Verfasst von":"effekt"},"schema":{"@context":"https:\/\/schema.org","@graph":[{"@type":"WebSite","@id":"https:\/\/www.ofenbau-krezdorn.com\/#website","url":"https:\/\/www.ofenbau-krezdorn.com\/","name":"Ofensetzer Florian Krezdorn","description":"St. Martin in Passeier","potentialAction":[{"@type":"SearchAction","target":{"@type":"EntryPoint","urlTemplate":"https:\/\/www.ofenbau-krezdorn.com\/?s={search_term_string}"},"query-input":"required name=search_term_string"}],"inLanguage":"de"},{"@type":"ImageObject","inLanguage":"de","@id":"https:\/\/www.ofenbau-krezdorn.com\/?p=534#primaryimage","url":"https:\/\/www.ofenbau-krezdorn.com\/wp-content\/uploads\/2021\/04\/Riffian.jpg","contentUrl":"https:\/\/www.ofenbau-krezdorn.com\/wp-content\/uploads\/2021\/04\/Riffian.jpg","width":1500,"height":1125},{"@type":"WebPage","@id":"https:\/\/www.ofenbau-krezdorn.com\/?p=534","url":"https:\/\/www.ofenbau-krezdorn.com\/?p=534","name":"Nachhaltiges Heizen und Kochen - Ofensetzer Florian Krezdorn","isPartOf":{"@id":"https:\/\/www.ofenbau-krezdorn.com\/#website"},"primaryImageOfPage":{"@id":"https:\/\/www.ofenbau-krezdorn.com\/?p=534#primaryimage"},"datePublished":"2021-04-23T08:51:25+00:00","dateModified":"2021-05-07T11:36:46+00:00","author":{"@id":"https:\/\/www.ofenbau-krezdorn.com\/#\/schema\/person\/19e86c7c6b8976b4128bfaabd33090f4"},"breadcrumb":{"@id":"https:\/\/www.ofenbau-krezdorn.com\/?p=534#breadcrumb"},"inLanguage":"de","potentialAction":[{"@type":"ReadAction","target":["https:\/\/www.ofenbau-krezdorn.com\/?p=534"]}]},{"@type":"BreadcrumbList","@id":"https:\/\/www.ofenbau-krezdorn.com\/?p=534#breadcrumb","itemListElement":[{"@type":"ListItem","position":1,"name":"Startseite","item":"https:\/\/www.ofenbau-krezdorn.com\/"},{"@type":"ListItem","position":2,"name":"Nachhaltiges Heizen und Kochen"}]},{"@type":"Person","@id":"https:\/\/www.ofenbau-krezdorn.com\/#\/schema\/person\/19e86c7c6b8976b4128bfaabd33090f4","name":"effekt","image":{"@type":"ImageObject","inLanguage":"de","@id":"https:\/\/www.ofenbau-krezdorn.com\/#\/schema\/person\/image\/","url":"https:\/\/secure.gravatar.com\/avatar\/c61392a2ff54be58ebec60a2e4f0ff1e?s=96&d=mm&r=g","contentUrl":"https:\/\/secure.gravatar.com\/avatar\/c61392a2ff54be58ebec60a2e4f0ff1e?s=96&d=mm&r=g","caption":"effekt"},"url":"https:\/\/www.ofenbau-krezdorn.com\/?author=1"}]}},"_links":{"self":[{"href":"https:\/\/www.ofenbau-krezdorn.com\/index.php?rest_route=\/wp\/v2\/posts\/534"}],"collection":[{"href":"https:\/\/www.ofenbau-krezdorn.com\/index.php?rest_route=\/wp\/v2\/posts"}],"about":[{"href":"https:\/\/www.ofenbau-krezdorn.com\/index.php?rest_route=\/wp\/v2\/types\/post"}],"author":[{"embeddable":true,"href":"https:\/\/www.ofenbau-krezdorn.com\/index.php?rest_route=\/wp\/v2\/users\/1"}],"replies":[{"embeddable":true,"href":"https:\/\/www.ofenbau-krezdorn.com\/index.php?rest_route=%2Fwp%2Fv2%2Fcomments&post=534"}],"version-history":[{"count":1,"href":"https:\/\/www.ofenbau-krezdorn.com\/index.php?rest_route=\/wp\/v2\/posts\/534\/revisions"}],"predecessor-version":[{"id":535,"href":"https:\/\/www.ofenbau-krezdorn.com\/index.php?rest_route=\/wp\/v2\/posts\/534\/revisions\/535"}],"wp:featuredmedia":[{"embeddable":true,"href":"https:\/\/www.ofenbau-krezdorn.com\/index.php?rest_route=\/wp\/v2\/media\/522"}],"wp:attachment":[{"href":"https:\/\/www.ofenbau-krezdorn.com\/index.php?rest_route=%2Fwp%2Fv2%2Fmedia&parent=534"}],"wp:term":[{"taxonomy":"category","embeddable":true,"href":"https:\/\/www.ofenbau-krezdorn.com\/index.php?rest_route=%2Fwp%2Fv2%2Fcategories&post=534"},{"taxonomy":"post_tag","embeddable":true,"href":"https:\/\/www.ofenbau-krezdorn.com\/index.php?rest_route=%2Fwp%2Fv2%2Ftags&post=534"}],"curies":[{"name":"wp","href":"https:\/\/api.w.org\/{rel}","templated":true}]}}