{"id":474,"date":"2017-11-24T16:06:40","date_gmt":"2017-11-24T16:06:40","guid":{"rendered":"http:\/\/www.ofenbau-krezdorn.com\/?p=474"},"modified":"2017-11-24T16:20:02","modified_gmt":"2017-11-24T16:20:02","slug":"so-stellen-wir-uns-einen-speichergrundofen-vor","status":"publish","type":"post","link":"https:\/\/www.ofenbau-krezdorn.com\/?p=474","title":{"rendered":"So stellen wir uns einen Speichergrundofen\u00a0vor"},"content":{"rendered":"<p>Ein neuer Ofen steht seit kurzem in Riffian. Das Highlight ist die bewegte Oberfl\u00e4che am Speichergrundofen. Der Ofen wurde bis unter die Decke gemauert und verputzt. Ausgestattet mit einer Glast\u00fcr bietet die Feuerstelle ein stimmungsvolles Flammenbild, das eine ganz besondere Wohnatmosph\u00e4re schafft. Das Herzst\u00fcck des Ofens ist die Au\u00dfenh\u00fclle die mit keramischen Elementen abgedeckt wurde.<\/p>\n<p>Gerne beraten wir auch Sie! Informieren Sie sich unter <a href=\"https:\/\/www.ofenbau-krezdorn.com\/info@ofenbau-krezdorn.com\">info@ofenbau-krezdorn.com<\/a><\/p>\n","protected":false},"excerpt":{"rendered":"<p>Ein neuer Ofen steht seit kurzem in Riffian. Das Highlight ist die bewegte Oberfl\u00e4che am Speichergrundofen. Der Ofen wurde bis unter die Decke gemauert und verputzt. Ausgestattet mit einer Glast\u00fcr bietet die Feuerstelle ein stimmungsvolles [&hellip;]<\/p>\n","protected":false},"author":1,"featured_media":470,"comment_status":"open","ping_status":"open","sticky":false,"template":"","format":"standard","meta":[],"categories":[1],"tags":[],"acf":[],"yoast_head":"<!-- This site is optimized with the Yoast SEO plugin v19.3 - https:\/\/yoast.com\/wordpress\/plugins\/seo\/ -->\n<title>So stellen wir uns einen Speichergrundofen\u00a0vor - Ofensetzer Florian Krezdorn<\/title>\n<meta name=\"robots\" content=\"index, follow, max-snippet:-1, max-image-preview:large, max-video-preview:-1\" \/>\n<link rel=\"canonical\" href=\"https:\/\/www.ofenbau-krezdorn.com\/?p=474\" \/>\n<meta property=\"og:locale\" content=\"de_DE\" \/>\n<meta property=\"og:type\" content=\"article\" \/>\n<meta property=\"og:title\" content=\"So stellen wir uns einen Speichergrundofen\u00a0vor - Ofensetzer Florian Krezdorn\" \/>\n<meta property=\"og:description\" content=\"Ein neuer Ofen steht seit kurzem in Riffian. Das Highlight ist die bewegte Oberfl\u00e4che am Speichergrundofen. Der Ofen wurde bis unter die Decke gemauert und verputzt. Ausgestattet mit einer Glast\u00fcr bietet die Feuerstelle ein stimmungsvolles [&hellip;]\" \/>\n<meta property=\"og:url\" content=\"https:\/\/www.ofenbau-krezdorn.com\/?p=474\" \/>\n<meta property=\"og:site_name\" content=\"Ofensetzer Florian Krezdorn\" \/>\n<meta property=\"article:published_time\" content=\"2017-11-24T16:06:40+00:00\" \/>\n<meta property=\"article:modified_time\" content=\"2017-11-24T16:20:02+00:00\" \/>\n<meta property=\"og:image\" content=\"https:\/\/www.ofenbau-krezdorn.com\/wp-content\/uploads\/2017\/11\/Riffian.jpg\" \/>\n\t<meta property=\"og:image:width\" content=\"1500\" \/>\n\t<meta property=\"og:image:height\" content=\"2184\" \/>\n\t<meta property=\"og:image:type\" content=\"image\/jpeg\" \/>\n<meta name=\"author\" content=\"effekt\" \/>\n<meta name=\"twitter:card\" content=\"summary\" \/>\n<meta name=\"twitter:label1\" content=\"Verfasst von\" \/>\n\t<meta name=\"twitter:data1\" content=\"effekt\" \/>\n<script type=\"application\/ld+json\" class=\"yoast-schema-graph\">{\"@context\":\"https:\/\/schema.org\",\"@graph\":[{\"@type\":\"WebSite\",\"@id\":\"https:\/\/www.ofenbau-krezdorn.com\/#website\",\"url\":\"https:\/\/www.ofenbau-krezdorn.com\/\",\"name\":\"Ofensetzer Florian Krezdorn\",\"description\":\"St. Martin in Passeier\",\"potentialAction\":[{\"@type\":\"SearchAction\",\"target\":{\"@type\":\"EntryPoint\",\"urlTemplate\":\"https:\/\/www.ofenbau-krezdorn.com\/?s={search_term_string}\"},\"query-input\":\"required name=search_term_string\"}],\"inLanguage\":\"de\"},{\"@type\":\"ImageObject\",\"inLanguage\":\"de\",\"@id\":\"https:\/\/www.ofenbau-krezdorn.com\/?p=474#primaryimage\",\"url\":\"https:\/\/www.ofenbau-krezdorn.com\/wp-content\/uploads\/2017\/11\/Riffian.jpg\",\"contentUrl\":\"https:\/\/www.ofenbau-krezdorn.com\/wp-content\/uploads\/2017\/11\/Riffian.jpg\",\"width\":1500,\"height\":2184},{\"@type\":\"WebPage\",\"@id\":\"https:\/\/www.ofenbau-krezdorn.com\/?p=474\",\"url\":\"https:\/\/www.ofenbau-krezdorn.com\/?p=474\",\"name\":\"So stellen wir uns einen Speichergrundofen\u00a0vor - Ofensetzer Florian Krezdorn\",\"isPartOf\":{\"@id\":\"https:\/\/www.ofenbau-krezdorn.com\/#website\"},\"primaryImageOfPage\":{\"@id\":\"https:\/\/www.ofenbau-krezdorn.com\/?p=474#primaryimage\"},\"datePublished\":\"2017-11-24T16:06:40+00:00\",\"dateModified\":\"2017-11-24T16:20:02+00:00\",\"author\":{\"@id\":\"https:\/\/www.ofenbau-krezdorn.com\/#\/schema\/person\/19e86c7c6b8976b4128bfaabd33090f4\"},\"breadcrumb\":{\"@id\":\"https:\/\/www.ofenbau-krezdorn.com\/?p=474#breadcrumb\"},\"inLanguage\":\"de\",\"potentialAction\":[{\"@type\":\"ReadAction\",\"target\":[\"https:\/\/www.ofenbau-krezdorn.com\/?p=474\"]}]},{\"@type\":\"BreadcrumbList\",\"@id\":\"https:\/\/www.ofenbau-krezdorn.com\/?p=474#breadcrumb\",\"itemListElement\":[{\"@type\":\"ListItem\",\"position\":1,\"name\":\"Startseite\",\"item\":\"https:\/\/www.ofenbau-krezdorn.com\/\"},{\"@type\":\"ListItem\",\"position\":2,\"name\":\"So stellen wir uns einen Speichergrundofen\u00a0vor\"}]},{\"@type\":\"Person\",\"@id\":\"https:\/\/www.ofenbau-krezdorn.com\/#\/schema\/person\/19e86c7c6b8976b4128bfaabd33090f4\",\"name\":\"effekt\",\"image\":{\"@type\":\"ImageObject\",\"inLanguage\":\"de\",\"@id\":\"https:\/\/www.ofenbau-krezdorn.com\/#\/schema\/person\/image\/\",\"url\":\"https:\/\/secure.gravatar.com\/avatar\/c61392a2ff54be58ebec60a2e4f0ff1e?s=96&d=mm&r=g\",\"contentUrl\":\"https:\/\/secure.gravatar.com\/avatar\/c61392a2ff54be58ebec60a2e4f0ff1e?s=96&d=mm&r=g\",\"caption\":\"effekt\"},\"url\":\"https:\/\/www.ofenbau-krezdorn.com\/?author=1\"}]}<\/script>\n<!-- \/ Yoast SEO plugin. -->","yoast_head_json":{"title":"So stellen wir uns einen Speichergrundofen\u00a0vor - Ofensetzer Florian Krezdorn","robots":{"index":"index","follow":"follow","max-snippet":"max-snippet:-1","max-image-preview":"max-image-preview:large","max-video-preview":"max-video-preview:-1"},"canonical":"https:\/\/www.ofenbau-krezdorn.com\/?p=474","og_locale":"de_DE","og_type":"article","og_title":"So stellen wir uns einen Speichergrundofen\u00a0vor - Ofensetzer Florian Krezdorn","og_description":"Ein neuer Ofen steht seit kurzem in Riffian. Das Highlight ist die bewegte Oberfl\u00e4che am Speichergrundofen. Der Ofen wurde bis unter die Decke gemauert und verputzt. Ausgestattet mit einer Glast\u00fcr bietet die Feuerstelle ein stimmungsvolles [&hellip;]","og_url":"https:\/\/www.ofenbau-krezdorn.com\/?p=474","og_site_name":"Ofensetzer Florian Krezdorn","article_published_time":"2017-11-24T16:06:40+00:00","article_modified_time":"2017-11-24T16:20:02+00:00","og_image":[{"width":1500,"height":2184,"url":"https:\/\/www.ofenbau-krezdorn.com\/wp-content\/uploads\/2017\/11\/Riffian.jpg","type":"image\/jpeg"}],"author":"effekt","twitter_card":"summary","twitter_misc":{"Verfasst von":"effekt"},"schema":{"@context":"https:\/\/schema.org","@graph":[{"@type":"WebSite","@id":"https:\/\/www.ofenbau-krezdorn.com\/#website","url":"https:\/\/www.ofenbau-krezdorn.com\/","name":"Ofensetzer Florian Krezdorn","description":"St. Martin in Passeier","potentialAction":[{"@type":"SearchAction","target":{"@type":"EntryPoint","urlTemplate":"https:\/\/www.ofenbau-krezdorn.com\/?s={search_term_string}"},"query-input":"required name=search_term_string"}],"inLanguage":"de"},{"@type":"ImageObject","inLanguage":"de","@id":"https:\/\/www.ofenbau-krezdorn.com\/?p=474#primaryimage","url":"https:\/\/www.ofenbau-krezdorn.com\/wp-content\/uploads\/2017\/11\/Riffian.jpg","contentUrl":"https:\/\/www.ofenbau-krezdorn.com\/wp-content\/uploads\/2017\/11\/Riffian.jpg","width":1500,"height":2184},{"@type":"WebPage","@id":"https:\/\/www.ofenbau-krezdorn.com\/?p=474","url":"https:\/\/www.ofenbau-krezdorn.com\/?p=474","name":"So stellen wir uns einen Speichergrundofen\u00a0vor - Ofensetzer Florian Krezdorn","isPartOf":{"@id":"https:\/\/www.ofenbau-krezdorn.com\/#website"},"primaryImageOfPage":{"@id":"https:\/\/www.ofenbau-krezdorn.com\/?p=474#primaryimage"},"datePublished":"2017-11-24T16:06:40+00:00","dateModified":"2017-11-24T16:20:02+00:00","author":{"@id":"https:\/\/www.ofenbau-krezdorn.com\/#\/schema\/person\/19e86c7c6b8976b4128bfaabd33090f4"},"breadcrumb":{"@id":"https:\/\/www.ofenbau-krezdorn.com\/?p=474#breadcrumb"},"inLanguage":"de","potentialAction":[{"@type":"ReadAction","target":["https:\/\/www.ofenbau-krezdorn.com\/?p=474"]}]},{"@type":"BreadcrumbList","@id":"https:\/\/www.ofenbau-krezdorn.com\/?p=474#breadcrumb","itemListElement":[{"@type":"ListItem","position":1,"name":"Startseite","item":"https:\/\/www.ofenbau-krezdorn.com\/"},{"@type":"ListItem","position":2,"name":"So stellen wir uns einen Speichergrundofen\u00a0vor"}]},{"@type":"Person","@id":"https:\/\/www.ofenbau-krezdorn.com\/#\/schema\/person\/19e86c7c6b8976b4128bfaabd33090f4","name":"effekt","image":{"@type":"ImageObject","inLanguage":"de","@id":"https:\/\/www.ofenbau-krezdorn.com\/#\/schema\/person\/image\/","url":"https:\/\/secure.gravatar.com\/avatar\/c61392a2ff54be58ebec60a2e4f0ff1e?s=96&d=mm&r=g","contentUrl":"https:\/\/secure.gravatar.com\/avatar\/c61392a2ff54be58ebec60a2e4f0ff1e?s=96&d=mm&r=g","caption":"effekt"},"url":"https:\/\/www.ofenbau-krezdorn.com\/?author=1"}]}},"_links":{"self":[{"href":"https:\/\/www.ofenbau-krezdorn.com\/index.php?rest_route=\/wp\/v2\/posts\/474"}],"collection":[{"href":"https:\/\/www.ofenbau-krezdorn.com\/index.php?rest_route=\/wp\/v2\/posts"}],"about":[{"href":"https:\/\/www.ofenbau-krezdorn.com\/index.php?rest_route=\/wp\/v2\/types\/post"}],"author":[{"embeddable":true,"href":"https:\/\/www.ofenbau-krezdorn.com\/index.php?rest_route=\/wp\/v2\/users\/1"}],"replies":[{"embeddable":true,"href":"https:\/\/www.ofenbau-krezdorn.com\/index.php?rest_route=%2Fwp%2Fv2%2Fcomments&post=474"}],"version-history":[{"count":7,"href":"https:\/\/www.ofenbau-krezdorn.com\/index.php?rest_route=\/wp\/v2\/posts\/474\/revisions"}],"predecessor-version":[{"id":481,"href":"https:\/\/www.ofenbau-krezdorn.com\/index.php?rest_route=\/wp\/v2\/posts\/474\/revisions\/481"}],"wp:featuredmedia":[{"embeddable":true,"href":"https:\/\/www.ofenbau-krezdorn.com\/index.php?rest_route=\/wp\/v2\/media\/470"}],"wp:attachment":[{"href":"https:\/\/www.ofenbau-krezdorn.com\/index.php?rest_route=%2Fwp%2Fv2%2Fmedia&parent=474"}],"wp:term":[{"taxonomy":"category","embeddable":true,"href":"https:\/\/www.ofenbau-krezdorn.com\/index.php?rest_route=%2Fwp%2Fv2%2Fcategories&post=474"},{"taxonomy":"post_tag","embeddable":true,"href":"https:\/\/www.ofenbau-krezdorn.com\/index.php?rest_route=%2Fwp%2Fv2%2Ftags&post=474"}],"curies":[{"name":"wp","href":"https:\/\/api.w.org\/{rel}","templated":true}]}}