{"id":424,"date":"2017-01-05T17:00:56","date_gmt":"2017-01-05T17:00:56","guid":{"rendered":"http:\/\/www.ofenbau-krezdorn.com\/?p=424"},"modified":"2016-12-28T14:02:10","modified_gmt":"2016-12-28T14:02:10","slug":"angenehme-waerme-fuer-ihren-ruecken","status":"publish","type":"post","link":"https:\/\/www.ofenbau-krezdorn.com\/?p=424","title":{"rendered":"Angenehme W\u00e4rme f\u00fcr Ihren R\u00fccken."},"content":{"rendered":"<p>In Pill im hinteren Passeiertal haben wir in einem Bauernhaus k\u00fcrzlich einen besondernen Ofen fertiggestellt. Bei diesem Speichergrundofen, der sowohl den Vorraum als auch den Wohnraum gleichzeitig heizt, haben wir im Wohnzimmer eine R\u00fcckenlehne aus Keramik angebracht. Diese ist so konstruiert, dass sie die W\u00e4rme lange und gleichm\u00e4\u00dfig abgibt. Obwohl wir es hier mit einem rund 10 Jahre alten Geb\u00e4ude zu tun hatten, waren wir imstande die gesetzlich vorgeschriebene Verbrennungsluft von au\u00dfen \u00fcber einen ohne gro\u00dfen Aufwand installierten Kanal zuzuleiten.<\/p>\n\n\t\t<style type=\"text\/css\">\n\t\t\t#gallery-1 {\n\t\t\t\tmargin: auto;\n\t\t\t}\n\t\t\t#gallery-1 .gallery-item {\n\t\t\t\tfloat: left;\n\t\t\t\tmargin-top: 10px;\n\t\t\t\ttext-align: center;\n\t\t\t\twidth: 33%;\n\t\t\t}\n\t\t\t#gallery-1 img {\n\t\t\t\tborder: 2px solid #cfcfcf;\n\t\t\t}\n\t\t\t#gallery-1 .gallery-caption {\n\t\t\t\tmargin-left: 0;\n\t\t\t}\n\t\t\t\/* see gallery_shortcode() in wp-includes\/media.php *\/\n\t\t<\/style>\n\t\t<div id='gallery-1' class='gallery galleryid-424 gallery-columns-3 gallery-size-thumbnail'><dl class='gallery-item'>\n\t\t\t<dt class='gallery-icon portrait'>\n\t\t\t\t<a href='https:\/\/www.ofenbau-krezdorn.com\/wp-content\/uploads\/2016\/12\/014_Klein.jpg'><img width=\"150\" height=\"150\" src=\"https:\/\/www.ofenbau-krezdorn.com\/wp-content\/uploads\/2016\/12\/014_Klein-150x150.jpg\" class=\"attachment-thumbnail size-thumbnail\" alt=\"\" loading=\"lazy\" srcset=\"https:\/\/www.ofenbau-krezdorn.com\/wp-content\/uploads\/2016\/12\/014_Klein-150x150.jpg 150w, https:\/\/www.ofenbau-krezdorn.com\/wp-content\/uploads\/2016\/12\/014_Klein-114x114.jpg 114w\" sizes=\"(max-width: 150px) 100vw, 150px\" \/><\/a>\n\t\t\t<\/dt><\/dl><dl class='gallery-item'>\n\t\t\t<dt class='gallery-icon portrait'>\n\t\t\t\t<a href='https:\/\/www.ofenbau-krezdorn.com\/wp-content\/uploads\/2016\/12\/020_klein.jpg'><img width=\"150\" height=\"150\" src=\"https:\/\/www.ofenbau-krezdorn.com\/wp-content\/uploads\/2016\/12\/020_klein-150x150.jpg\" class=\"attachment-thumbnail size-thumbnail\" alt=\"\" loading=\"lazy\" srcset=\"https:\/\/www.ofenbau-krezdorn.com\/wp-content\/uploads\/2016\/12\/020_klein-150x150.jpg 150w, https:\/\/www.ofenbau-krezdorn.com\/wp-content\/uploads\/2016\/12\/020_klein-114x114.jpg 114w\" sizes=\"(max-width: 150px) 100vw, 150px\" \/><\/a>\n\t\t\t<\/dt><\/dl>\n\t\t\t<br style='clear: both' \/>\n\t\t<\/div>\n\n","protected":false},"excerpt":{"rendered":"<p>In Pill im hinteren Passeiertal haben wir in einem Bauernhaus k\u00fcrzlich einen besondernen Ofen fertiggestellt. Bei diesem Speichergrundofen, der sowohl den Vorraum als auch den Wohnraum gleichzeitig heizt, haben wir im Wohnzimmer eine R\u00fcckenlehne aus [&hellip;]<\/p>\n","protected":false},"author":1,"featured_media":425,"comment_status":"open","ping_status":"open","sticky":false,"template":"","format":"standard","meta":[],"categories":[1,5],"tags":[],"acf":[],"yoast_head":"<!-- This site is optimized with the Yoast SEO plugin v19.3 - https:\/\/yoast.com\/wordpress\/plugins\/seo\/ -->\n<title>Angenehme W\u00e4rme f\u00fcr Ihren R\u00fccken. - Ofensetzer Florian Krezdorn<\/title>\n<meta name=\"robots\" content=\"index, follow, max-snippet:-1, max-image-preview:large, max-video-preview:-1\" \/>\n<link rel=\"canonical\" href=\"https:\/\/www.ofenbau-krezdorn.com\/?p=424\" \/>\n<meta property=\"og:locale\" content=\"de_DE\" \/>\n<meta property=\"og:type\" content=\"article\" \/>\n<meta property=\"og:title\" content=\"Angenehme W\u00e4rme f\u00fcr Ihren R\u00fccken. - Ofensetzer Florian Krezdorn\" \/>\n<meta property=\"og:description\" content=\"In Pill im hinteren Passeiertal haben wir in einem Bauernhaus k\u00fcrzlich einen besondernen Ofen fertiggestellt. Bei diesem Speichergrundofen, der sowohl den Vorraum als auch den Wohnraum gleichzeitig heizt, haben wir im Wohnzimmer eine R\u00fcckenlehne aus [&hellip;]\" \/>\n<meta property=\"og:url\" content=\"https:\/\/www.ofenbau-krezdorn.com\/?p=424\" \/>\n<meta property=\"og:site_name\" content=\"Ofensetzer Florian Krezdorn\" \/>\n<meta property=\"article:published_time\" content=\"2017-01-05T17:00:56+00:00\" \/>\n<meta property=\"article:modified_time\" content=\"2016-12-28T14:02:10+00:00\" \/>\n<meta property=\"og:image\" content=\"https:\/\/www.ofenbau-krezdorn.com\/wp-content\/uploads\/2016\/12\/016Klein.jpg\" \/>\n\t<meta property=\"og:image:width\" content=\"1800\" \/>\n\t<meta property=\"og:image:height\" content=\"1350\" \/>\n\t<meta property=\"og:image:type\" content=\"image\/jpeg\" \/>\n<meta name=\"author\" content=\"effekt\" \/>\n<meta name=\"twitter:card\" content=\"summary\" \/>\n<meta name=\"twitter:label1\" content=\"Verfasst von\" \/>\n\t<meta name=\"twitter:data1\" content=\"effekt\" \/>\n<script type=\"application\/ld+json\" class=\"yoast-schema-graph\">{\"@context\":\"https:\/\/schema.org\",\"@graph\":[{\"@type\":\"WebSite\",\"@id\":\"https:\/\/www.ofenbau-krezdorn.com\/#website\",\"url\":\"https:\/\/www.ofenbau-krezdorn.com\/\",\"name\":\"Ofensetzer Florian Krezdorn\",\"description\":\"St. Martin in Passeier\",\"potentialAction\":[{\"@type\":\"SearchAction\",\"target\":{\"@type\":\"EntryPoint\",\"urlTemplate\":\"https:\/\/www.ofenbau-krezdorn.com\/?s={search_term_string}\"},\"query-input\":\"required name=search_term_string\"}],\"inLanguage\":\"de\"},{\"@type\":\"ImageObject\",\"inLanguage\":\"de\",\"@id\":\"https:\/\/www.ofenbau-krezdorn.com\/?p=424#primaryimage\",\"url\":\"https:\/\/www.ofenbau-krezdorn.com\/wp-content\/uploads\/2016\/12\/016Klein.jpg\",\"contentUrl\":\"https:\/\/www.ofenbau-krezdorn.com\/wp-content\/uploads\/2016\/12\/016Klein.jpg\",\"width\":1800,\"height\":1350},{\"@type\":\"WebPage\",\"@id\":\"https:\/\/www.ofenbau-krezdorn.com\/?p=424\",\"url\":\"https:\/\/www.ofenbau-krezdorn.com\/?p=424\",\"name\":\"Angenehme W\u00e4rme f\u00fcr Ihren R\u00fccken. - Ofensetzer Florian Krezdorn\",\"isPartOf\":{\"@id\":\"https:\/\/www.ofenbau-krezdorn.com\/#website\"},\"primaryImageOfPage\":{\"@id\":\"https:\/\/www.ofenbau-krezdorn.com\/?p=424#primaryimage\"},\"datePublished\":\"2017-01-05T17:00:56+00:00\",\"dateModified\":\"2016-12-28T14:02:10+00:00\",\"author\":{\"@id\":\"https:\/\/www.ofenbau-krezdorn.com\/#\/schema\/person\/19e86c7c6b8976b4128bfaabd33090f4\"},\"breadcrumb\":{\"@id\":\"https:\/\/www.ofenbau-krezdorn.com\/?p=424#breadcrumb\"},\"inLanguage\":\"de\",\"potentialAction\":[{\"@type\":\"ReadAction\",\"target\":[\"https:\/\/www.ofenbau-krezdorn.com\/?p=424\"]}]},{\"@type\":\"BreadcrumbList\",\"@id\":\"https:\/\/www.ofenbau-krezdorn.com\/?p=424#breadcrumb\",\"itemListElement\":[{\"@type\":\"ListItem\",\"position\":1,\"name\":\"Startseite\",\"item\":\"https:\/\/www.ofenbau-krezdorn.com\/\"},{\"@type\":\"ListItem\",\"position\":2,\"name\":\"Angenehme W\u00e4rme f\u00fcr Ihren R\u00fccken.\"}]},{\"@type\":\"Person\",\"@id\":\"https:\/\/www.ofenbau-krezdorn.com\/#\/schema\/person\/19e86c7c6b8976b4128bfaabd33090f4\",\"name\":\"effekt\",\"image\":{\"@type\":\"ImageObject\",\"inLanguage\":\"de\",\"@id\":\"https:\/\/www.ofenbau-krezdorn.com\/#\/schema\/person\/image\/\",\"url\":\"https:\/\/secure.gravatar.com\/avatar\/c61392a2ff54be58ebec60a2e4f0ff1e?s=96&d=mm&r=g\",\"contentUrl\":\"https:\/\/secure.gravatar.com\/avatar\/c61392a2ff54be58ebec60a2e4f0ff1e?s=96&d=mm&r=g\",\"caption\":\"effekt\"},\"url\":\"https:\/\/www.ofenbau-krezdorn.com\/?author=1\"}]}<\/script>\n<!-- \/ Yoast SEO plugin. -->","yoast_head_json":{"title":"Angenehme W\u00e4rme f\u00fcr Ihren R\u00fccken. - Ofensetzer Florian Krezdorn","robots":{"index":"index","follow":"follow","max-snippet":"max-snippet:-1","max-image-preview":"max-image-preview:large","max-video-preview":"max-video-preview:-1"},"canonical":"https:\/\/www.ofenbau-krezdorn.com\/?p=424","og_locale":"de_DE","og_type":"article","og_title":"Angenehme W\u00e4rme f\u00fcr Ihren R\u00fccken. - Ofensetzer Florian Krezdorn","og_description":"In Pill im hinteren Passeiertal haben wir in einem Bauernhaus k\u00fcrzlich einen besondernen Ofen fertiggestellt. Bei diesem Speichergrundofen, der sowohl den Vorraum als auch den Wohnraum gleichzeitig heizt, haben wir im Wohnzimmer eine R\u00fcckenlehne aus [&hellip;]","og_url":"https:\/\/www.ofenbau-krezdorn.com\/?p=424","og_site_name":"Ofensetzer Florian Krezdorn","article_published_time":"2017-01-05T17:00:56+00:00","article_modified_time":"2016-12-28T14:02:10+00:00","og_image":[{"width":1800,"height":1350,"url":"https:\/\/www.ofenbau-krezdorn.com\/wp-content\/uploads\/2016\/12\/016Klein.jpg","type":"image\/jpeg"}],"author":"effekt","twitter_card":"summary","twitter_misc":{"Verfasst von":"effekt"},"schema":{"@context":"https:\/\/schema.org","@graph":[{"@type":"WebSite","@id":"https:\/\/www.ofenbau-krezdorn.com\/#website","url":"https:\/\/www.ofenbau-krezdorn.com\/","name":"Ofensetzer Florian Krezdorn","description":"St. Martin in Passeier","potentialAction":[{"@type":"SearchAction","target":{"@type":"EntryPoint","urlTemplate":"https:\/\/www.ofenbau-krezdorn.com\/?s={search_term_string}"},"query-input":"required name=search_term_string"}],"inLanguage":"de"},{"@type":"ImageObject","inLanguage":"de","@id":"https:\/\/www.ofenbau-krezdorn.com\/?p=424#primaryimage","url":"https:\/\/www.ofenbau-krezdorn.com\/wp-content\/uploads\/2016\/12\/016Klein.jpg","contentUrl":"https:\/\/www.ofenbau-krezdorn.com\/wp-content\/uploads\/2016\/12\/016Klein.jpg","width":1800,"height":1350},{"@type":"WebPage","@id":"https:\/\/www.ofenbau-krezdorn.com\/?p=424","url":"https:\/\/www.ofenbau-krezdorn.com\/?p=424","name":"Angenehme W\u00e4rme f\u00fcr Ihren R\u00fccken. - Ofensetzer Florian Krezdorn","isPartOf":{"@id":"https:\/\/www.ofenbau-krezdorn.com\/#website"},"primaryImageOfPage":{"@id":"https:\/\/www.ofenbau-krezdorn.com\/?p=424#primaryimage"},"datePublished":"2017-01-05T17:00:56+00:00","dateModified":"2016-12-28T14:02:10+00:00","author":{"@id":"https:\/\/www.ofenbau-krezdorn.com\/#\/schema\/person\/19e86c7c6b8976b4128bfaabd33090f4"},"breadcrumb":{"@id":"https:\/\/www.ofenbau-krezdorn.com\/?p=424#breadcrumb"},"inLanguage":"de","potentialAction":[{"@type":"ReadAction","target":["https:\/\/www.ofenbau-krezdorn.com\/?p=424"]}]},{"@type":"BreadcrumbList","@id":"https:\/\/www.ofenbau-krezdorn.com\/?p=424#breadcrumb","itemListElement":[{"@type":"ListItem","position":1,"name":"Startseite","item":"https:\/\/www.ofenbau-krezdorn.com\/"},{"@type":"ListItem","position":2,"name":"Angenehme W\u00e4rme f\u00fcr Ihren R\u00fccken."}]},{"@type":"Person","@id":"https:\/\/www.ofenbau-krezdorn.com\/#\/schema\/person\/19e86c7c6b8976b4128bfaabd33090f4","name":"effekt","image":{"@type":"ImageObject","inLanguage":"de","@id":"https:\/\/www.ofenbau-krezdorn.com\/#\/schema\/person\/image\/","url":"https:\/\/secure.gravatar.com\/avatar\/c61392a2ff54be58ebec60a2e4f0ff1e?s=96&d=mm&r=g","contentUrl":"https:\/\/secure.gravatar.com\/avatar\/c61392a2ff54be58ebec60a2e4f0ff1e?s=96&d=mm&r=g","caption":"effekt"},"url":"https:\/\/www.ofenbau-krezdorn.com\/?author=1"}]}},"_links":{"self":[{"href":"https:\/\/www.ofenbau-krezdorn.com\/index.php?rest_route=\/wp\/v2\/posts\/424"}],"collection":[{"href":"https:\/\/www.ofenbau-krezdorn.com\/index.php?rest_route=\/wp\/v2\/posts"}],"about":[{"href":"https:\/\/www.ofenbau-krezdorn.com\/index.php?rest_route=\/wp\/v2\/types\/post"}],"author":[{"embeddable":true,"href":"https:\/\/www.ofenbau-krezdorn.com\/index.php?rest_route=\/wp\/v2\/users\/1"}],"replies":[{"embeddable":true,"href":"https:\/\/www.ofenbau-krezdorn.com\/index.php?rest_route=%2Fwp%2Fv2%2Fcomments&post=424"}],"version-history":[{"count":4,"href":"https:\/\/www.ofenbau-krezdorn.com\/index.php?rest_route=\/wp\/v2\/posts\/424\/revisions"}],"predecessor-version":[{"id":432,"href":"https:\/\/www.ofenbau-krezdorn.com\/index.php?rest_route=\/wp\/v2\/posts\/424\/revisions\/432"}],"wp:featuredmedia":[{"embeddable":true,"href":"https:\/\/www.ofenbau-krezdorn.com\/index.php?rest_route=\/wp\/v2\/media\/425"}],"wp:attachment":[{"href":"https:\/\/www.ofenbau-krezdorn.com\/index.php?rest_route=%2Fwp%2Fv2%2Fmedia&parent=424"}],"wp:term":[{"taxonomy":"category","embeddable":true,"href":"https:\/\/www.ofenbau-krezdorn.com\/index.php?rest_route=%2Fwp%2Fv2%2Fcategories&post=424"},{"taxonomy":"post_tag","embeddable":true,"href":"https:\/\/www.ofenbau-krezdorn.com\/index.php?rest_route=%2Fwp%2Fv2%2Ftags&post=424"}],"curies":[{"name":"wp","href":"https:\/\/api.w.org\/{rel}","templated":true}]}}