{"id":313,"date":"2014-07-05T08:19:52","date_gmt":"2014-07-05T08:19:52","guid":{"rendered":"http:\/\/www.ofenbau-krezdorn.com\/?p=313"},"modified":"2014-07-01T08:26:12","modified_gmt":"2014-07-01T08:26:12","slug":"form-und-farben-geschmackvoll-mit-funktionalitat-kombiniert","status":"publish","type":"post","link":"https:\/\/www.ofenbau-krezdorn.com\/?p=313","title":{"rendered":"Form und Farben geschmackvoll mit Funktionalit\u00e4t kombiniert"},"content":{"rendered":"<p>Der traditionelle Kachelofen ist die \u00e4lteste bekannte Speicher-Ofenform. Hier haben wir diesen Speichergrundofen so konzipiert, dass zus\u00e4tzlich ein kleiner Holzspeicher in die Ofenbank integriert ist. Die Bank ist dabei in Keramik gehalten, die Fl\u00e4chen sind gemauert und verputzt, die viel beanspruchten Teile sind in Keramik gehalten. Kleine Keramikteile im Putz lockern den ganzen Ofen, der immerhin knapp 2 Tonnen wiegt, auf. <\/p>\n","protected":false},"excerpt":{"rendered":"<p>Der traditionelle Kachelofen ist die \u00e4lteste bekannte Speicher-Ofenform. Hier haben wir diesen Speichergrundofen so konzipiert, dass zus\u00e4tzlich ein kleiner Holzspeicher in die Ofenbank integriert ist. Die Bank ist dabei in Keramik gehalten, die Fl\u00e4chen sind [&hellip;]<\/p>\n","protected":false},"author":1,"featured_media":304,"comment_status":"open","ping_status":"open","sticky":false,"template":"","format":"standard","meta":[],"categories":[1,5],"tags":[],"acf":[],"yoast_head":"<!-- This site is optimized with the Yoast SEO plugin v19.3 - https:\/\/yoast.com\/wordpress\/plugins\/seo\/ -->\n<title>Form und Farben geschmackvoll mit Funktionalit\u00e4t kombiniert - Ofensetzer Florian Krezdorn<\/title>\n<meta name=\"robots\" content=\"index, follow, max-snippet:-1, max-image-preview:large, max-video-preview:-1\" \/>\n<link rel=\"canonical\" href=\"https:\/\/www.ofenbau-krezdorn.com\/?p=313\" \/>\n<meta property=\"og:locale\" content=\"de_DE\" \/>\n<meta property=\"og:type\" content=\"article\" \/>\n<meta property=\"og:title\" content=\"Form und Farben geschmackvoll mit Funktionalit\u00e4t kombiniert - Ofensetzer Florian Krezdorn\" \/>\n<meta property=\"og:description\" content=\"Der traditionelle Kachelofen ist die \u00e4lteste bekannte Speicher-Ofenform. Hier haben wir diesen Speichergrundofen so konzipiert, dass zus\u00e4tzlich ein kleiner Holzspeicher in die Ofenbank integriert ist. Die Bank ist dabei in Keramik gehalten, die Fl\u00e4chen sind [&hellip;]\" \/>\n<meta property=\"og:url\" content=\"https:\/\/www.ofenbau-krezdorn.com\/?p=313\" \/>\n<meta property=\"og:site_name\" content=\"Ofensetzer Florian Krezdorn\" \/>\n<meta property=\"article:published_time\" content=\"2014-07-05T08:19:52+00:00\" \/>\n<meta property=\"article:modified_time\" content=\"2014-07-01T08:26:12+00:00\" \/>\n<meta property=\"og:image\" content=\"https:\/\/www.ofenbau-krezdorn.com\/wp-content\/uploads\/2014\/07\/009-1024x768.jpg\" \/>\n\t<meta property=\"og:image:width\" content=\"1024\" \/>\n\t<meta property=\"og:image:height\" content=\"768\" \/>\n\t<meta property=\"og:image:type\" content=\"image\/jpeg\" \/>\n<meta name=\"author\" content=\"effekt\" \/>\n<meta name=\"twitter:card\" content=\"summary\" \/>\n<meta name=\"twitter:label1\" content=\"Verfasst von\" \/>\n\t<meta name=\"twitter:data1\" content=\"effekt\" \/>\n<script type=\"application\/ld+json\" class=\"yoast-schema-graph\">{\"@context\":\"https:\/\/schema.org\",\"@graph\":[{\"@type\":\"WebSite\",\"@id\":\"https:\/\/www.ofenbau-krezdorn.com\/#website\",\"url\":\"https:\/\/www.ofenbau-krezdorn.com\/\",\"name\":\"Ofensetzer Florian Krezdorn\",\"description\":\"St. Martin in Passeier\",\"potentialAction\":[{\"@type\":\"SearchAction\",\"target\":{\"@type\":\"EntryPoint\",\"urlTemplate\":\"https:\/\/www.ofenbau-krezdorn.com\/?s={search_term_string}\"},\"query-input\":\"required name=search_term_string\"}],\"inLanguage\":\"de\"},{\"@type\":\"ImageObject\",\"inLanguage\":\"de\",\"@id\":\"https:\/\/www.ofenbau-krezdorn.com\/?p=313#primaryimage\",\"url\":\"https:\/\/www.ofenbau-krezdorn.com\/wp-content\/uploads\/2014\/07\/009.jpg\",\"contentUrl\":\"https:\/\/www.ofenbau-krezdorn.com\/wp-content\/uploads\/2014\/07\/009.jpg\",\"width\":\"3648\",\"height\":\"2736\"},{\"@type\":\"WebPage\",\"@id\":\"https:\/\/www.ofenbau-krezdorn.com\/?p=313\",\"url\":\"https:\/\/www.ofenbau-krezdorn.com\/?p=313\",\"name\":\"Form und Farben geschmackvoll mit Funktionalit\u00e4t kombiniert - Ofensetzer Florian Krezdorn\",\"isPartOf\":{\"@id\":\"https:\/\/www.ofenbau-krezdorn.com\/#website\"},\"primaryImageOfPage\":{\"@id\":\"https:\/\/www.ofenbau-krezdorn.com\/?p=313#primaryimage\"},\"datePublished\":\"2014-07-05T08:19:52+00:00\",\"dateModified\":\"2014-07-01T08:26:12+00:00\",\"author\":{\"@id\":\"https:\/\/www.ofenbau-krezdorn.com\/#\/schema\/person\/19e86c7c6b8976b4128bfaabd33090f4\"},\"breadcrumb\":{\"@id\":\"https:\/\/www.ofenbau-krezdorn.com\/?p=313#breadcrumb\"},\"inLanguage\":\"de\",\"potentialAction\":[{\"@type\":\"ReadAction\",\"target\":[\"https:\/\/www.ofenbau-krezdorn.com\/?p=313\"]}]},{\"@type\":\"BreadcrumbList\",\"@id\":\"https:\/\/www.ofenbau-krezdorn.com\/?p=313#breadcrumb\",\"itemListElement\":[{\"@type\":\"ListItem\",\"position\":1,\"name\":\"Startseite\",\"item\":\"https:\/\/www.ofenbau-krezdorn.com\/\"},{\"@type\":\"ListItem\",\"position\":2,\"name\":\"Form und Farben geschmackvoll mit Funktionalit\u00e4t kombiniert\"}]},{\"@type\":\"Person\",\"@id\":\"https:\/\/www.ofenbau-krezdorn.com\/#\/schema\/person\/19e86c7c6b8976b4128bfaabd33090f4\",\"name\":\"effekt\",\"image\":{\"@type\":\"ImageObject\",\"inLanguage\":\"de\",\"@id\":\"https:\/\/www.ofenbau-krezdorn.com\/#\/schema\/person\/image\/\",\"url\":\"https:\/\/secure.gravatar.com\/avatar\/c61392a2ff54be58ebec60a2e4f0ff1e?s=96&d=mm&r=g\",\"contentUrl\":\"https:\/\/secure.gravatar.com\/avatar\/c61392a2ff54be58ebec60a2e4f0ff1e?s=96&d=mm&r=g\",\"caption\":\"effekt\"},\"url\":\"https:\/\/www.ofenbau-krezdorn.com\/?author=1\"}]}<\/script>\n<!-- \/ Yoast SEO plugin. -->","yoast_head_json":{"title":"Form und Farben geschmackvoll mit Funktionalit\u00e4t kombiniert - Ofensetzer Florian Krezdorn","robots":{"index":"index","follow":"follow","max-snippet":"max-snippet:-1","max-image-preview":"max-image-preview:large","max-video-preview":"max-video-preview:-1"},"canonical":"https:\/\/www.ofenbau-krezdorn.com\/?p=313","og_locale":"de_DE","og_type":"article","og_title":"Form und Farben geschmackvoll mit Funktionalit\u00e4t kombiniert - Ofensetzer Florian Krezdorn","og_description":"Der traditionelle Kachelofen ist die \u00e4lteste bekannte Speicher-Ofenform. Hier haben wir diesen Speichergrundofen so konzipiert, dass zus\u00e4tzlich ein kleiner Holzspeicher in die Ofenbank integriert ist. Die Bank ist dabei in Keramik gehalten, die Fl\u00e4chen sind [&hellip;]","og_url":"https:\/\/www.ofenbau-krezdorn.com\/?p=313","og_site_name":"Ofensetzer Florian Krezdorn","article_published_time":"2014-07-05T08:19:52+00:00","article_modified_time":"2014-07-01T08:26:12+00:00","og_image":[{"width":"1024","height":"768","url":"https:\/\/www.ofenbau-krezdorn.com\/wp-content\/uploads\/2014\/07\/009-1024x768.jpg","type":"image\/jpeg"}],"author":"effekt","twitter_card":"summary","twitter_misc":{"Verfasst von":"effekt"},"schema":{"@context":"https:\/\/schema.org","@graph":[{"@type":"WebSite","@id":"https:\/\/www.ofenbau-krezdorn.com\/#website","url":"https:\/\/www.ofenbau-krezdorn.com\/","name":"Ofensetzer Florian Krezdorn","description":"St. Martin in Passeier","potentialAction":[{"@type":"SearchAction","target":{"@type":"EntryPoint","urlTemplate":"https:\/\/www.ofenbau-krezdorn.com\/?s={search_term_string}"},"query-input":"required name=search_term_string"}],"inLanguage":"de"},{"@type":"ImageObject","inLanguage":"de","@id":"https:\/\/www.ofenbau-krezdorn.com\/?p=313#primaryimage","url":"https:\/\/www.ofenbau-krezdorn.com\/wp-content\/uploads\/2014\/07\/009.jpg","contentUrl":"https:\/\/www.ofenbau-krezdorn.com\/wp-content\/uploads\/2014\/07\/009.jpg","width":"3648","height":"2736"},{"@type":"WebPage","@id":"https:\/\/www.ofenbau-krezdorn.com\/?p=313","url":"https:\/\/www.ofenbau-krezdorn.com\/?p=313","name":"Form und Farben geschmackvoll mit Funktionalit\u00e4t kombiniert - Ofensetzer Florian Krezdorn","isPartOf":{"@id":"https:\/\/www.ofenbau-krezdorn.com\/#website"},"primaryImageOfPage":{"@id":"https:\/\/www.ofenbau-krezdorn.com\/?p=313#primaryimage"},"datePublished":"2014-07-05T08:19:52+00:00","dateModified":"2014-07-01T08:26:12+00:00","author":{"@id":"https:\/\/www.ofenbau-krezdorn.com\/#\/schema\/person\/19e86c7c6b8976b4128bfaabd33090f4"},"breadcrumb":{"@id":"https:\/\/www.ofenbau-krezdorn.com\/?p=313#breadcrumb"},"inLanguage":"de","potentialAction":[{"@type":"ReadAction","target":["https:\/\/www.ofenbau-krezdorn.com\/?p=313"]}]},{"@type":"BreadcrumbList","@id":"https:\/\/www.ofenbau-krezdorn.com\/?p=313#breadcrumb","itemListElement":[{"@type":"ListItem","position":1,"name":"Startseite","item":"https:\/\/www.ofenbau-krezdorn.com\/"},{"@type":"ListItem","position":2,"name":"Form und Farben geschmackvoll mit Funktionalit\u00e4t kombiniert"}]},{"@type":"Person","@id":"https:\/\/www.ofenbau-krezdorn.com\/#\/schema\/person\/19e86c7c6b8976b4128bfaabd33090f4","name":"effekt","image":{"@type":"ImageObject","inLanguage":"de","@id":"https:\/\/www.ofenbau-krezdorn.com\/#\/schema\/person\/image\/","url":"https:\/\/secure.gravatar.com\/avatar\/c61392a2ff54be58ebec60a2e4f0ff1e?s=96&d=mm&r=g","contentUrl":"https:\/\/secure.gravatar.com\/avatar\/c61392a2ff54be58ebec60a2e4f0ff1e?s=96&d=mm&r=g","caption":"effekt"},"url":"https:\/\/www.ofenbau-krezdorn.com\/?author=1"}]}},"_links":{"self":[{"href":"https:\/\/www.ofenbau-krezdorn.com\/index.php?rest_route=\/wp\/v2\/posts\/313"}],"collection":[{"href":"https:\/\/www.ofenbau-krezdorn.com\/index.php?rest_route=\/wp\/v2\/posts"}],"about":[{"href":"https:\/\/www.ofenbau-krezdorn.com\/index.php?rest_route=\/wp\/v2\/types\/post"}],"author":[{"embeddable":true,"href":"https:\/\/www.ofenbau-krezdorn.com\/index.php?rest_route=\/wp\/v2\/users\/1"}],"replies":[{"embeddable":true,"href":"https:\/\/www.ofenbau-krezdorn.com\/index.php?rest_route=%2Fwp%2Fv2%2Fcomments&post=313"}],"version-history":[{"count":3,"href":"https:\/\/www.ofenbau-krezdorn.com\/index.php?rest_route=\/wp\/v2\/posts\/313\/revisions"}],"predecessor-version":[{"id":316,"href":"https:\/\/www.ofenbau-krezdorn.com\/index.php?rest_route=\/wp\/v2\/posts\/313\/revisions\/316"}],"wp:featuredmedia":[{"embeddable":true,"href":"https:\/\/www.ofenbau-krezdorn.com\/index.php?rest_route=\/wp\/v2\/media\/304"}],"wp:attachment":[{"href":"https:\/\/www.ofenbau-krezdorn.com\/index.php?rest_route=%2Fwp%2Fv2%2Fmedia&parent=313"}],"wp:term":[{"taxonomy":"category","embeddable":true,"href":"https:\/\/www.ofenbau-krezdorn.com\/index.php?rest_route=%2Fwp%2Fv2%2Fcategories&post=313"},{"taxonomy":"post_tag","embeddable":true,"href":"https:\/\/www.ofenbau-krezdorn.com\/index.php?rest_route=%2Fwp%2Fv2%2Ftags&post=313"}],"curies":[{"name":"wp","href":"https:\/\/api.w.org\/{rel}","templated":true}]}}