{"id":248,"date":"2013-08-29T12:26:21","date_gmt":"2013-08-29T12:26:21","guid":{"rendered":"http:\/\/www.ofenbau-krezdorn.com\/?p=248"},"modified":"2013-08-29T12:39:45","modified_gmt":"2013-08-29T12:39:45","slug":"der-traum-mit-vielen-ecken-und-kanten","status":"publish","type":"post","link":"https:\/\/www.ofenbau-krezdorn.com\/?p=248","title":{"rendered":"Der Traum mit vielen Ecken und Kanten"},"content":{"rendered":"<p>&nbsp;<\/p>\n<p>&nbsp;<\/p>\n<p>Ein komplett gemauert und verputzter Ofen, der gleichzeitig als Raumtrenner fungiert steht seit kurzem in St. Leonhard in Passeier. Feuertisch und Ablagefl\u00e4che sind in Keramik ausgef\u00fchrt, die optisch an Steinplatten erinnern. Die Au\u00dfenh\u00fclle ist mit Schwerschamotten gemauert und dann verputz worden. Die Emissionswerte sind vorbildlich und entsprechen allen g\u00e4ngigen Normen, in der \u00a0Sichtfensterofent\u00fcre ist die Verbrennungsluftzufuhrklappe integriert.<\/p>\n<p>&nbsp;<\/p>\n\n\t\t<style type=\"text\/css\">\n\t\t\t#gallery-1 {\n\t\t\t\tmargin: auto;\n\t\t\t}\n\t\t\t#gallery-1 .gallery-item {\n\t\t\t\tfloat: left;\n\t\t\t\tmargin-top: 10px;\n\t\t\t\ttext-align: center;\n\t\t\t\twidth: 33%;\n\t\t\t}\n\t\t\t#gallery-1 img {\n\t\t\t\tborder: 2px solid #cfcfcf;\n\t\t\t}\n\t\t\t#gallery-1 .gallery-caption {\n\t\t\t\tmargin-left: 0;\n\t\t\t}\n\t\t\t\/* see gallery_shortcode() in wp-includes\/media.php *\/\n\t\t<\/style>\n\t\t<div id='gallery-1' class='gallery galleryid-248 gallery-columns-3 gallery-size-thumbnail'><dl class='gallery-item'>\n\t\t\t<dt class='gallery-icon landscape'>\n\t\t\t\t<a href='https:\/\/www.ofenbau-krezdorn.com\/wp-content\/uploads\/2013\/08\/076_Klein.jpg'><img width=\"150\" height=\"150\" src=\"https:\/\/www.ofenbau-krezdorn.com\/wp-content\/uploads\/2013\/08\/076_Klein-150x150.jpg\" class=\"attachment-thumbnail size-thumbnail\" alt=\"\" loading=\"lazy\" srcset=\"https:\/\/www.ofenbau-krezdorn.com\/wp-content\/uploads\/2013\/08\/076_Klein-150x150.jpg 150w, https:\/\/www.ofenbau-krezdorn.com\/wp-content\/uploads\/2013\/08\/076_Klein-114x114.jpg 114w\" sizes=\"(max-width: 150px) 100vw, 150px\" \/><\/a>\n\t\t\t<\/dt><\/dl><dl class='gallery-item'>\n\t\t\t<dt class='gallery-icon landscape'>\n\t\t\t\t<a href='https:\/\/www.ofenbau-krezdorn.com\/wp-content\/uploads\/2013\/08\/071.jpg'><img width=\"150\" height=\"150\" src=\"https:\/\/www.ofenbau-krezdorn.com\/wp-content\/uploads\/2013\/08\/071-150x150.jpg\" class=\"attachment-thumbnail size-thumbnail\" alt=\"\" loading=\"lazy\" srcset=\"https:\/\/www.ofenbau-krezdorn.com\/wp-content\/uploads\/2013\/08\/071-150x150.jpg 150w, https:\/\/www.ofenbau-krezdorn.com\/wp-content\/uploads\/2013\/08\/071-114x114.jpg 114w\" sizes=\"(max-width: 150px) 100vw, 150px\" \/><\/a>\n\t\t\t<\/dt><\/dl><dl class='gallery-item'>\n\t\t\t<dt class='gallery-icon landscape'>\n\t\t\t\t<a href='https:\/\/www.ofenbau-krezdorn.com\/wp-content\/uploads\/2013\/08\/073.jpg'><img width=\"150\" height=\"150\" src=\"https:\/\/www.ofenbau-krezdorn.com\/wp-content\/uploads\/2013\/08\/073-150x150.jpg\" class=\"attachment-thumbnail size-thumbnail\" alt=\"\" loading=\"lazy\" srcset=\"https:\/\/www.ofenbau-krezdorn.com\/wp-content\/uploads\/2013\/08\/073-150x150.jpg 150w, https:\/\/www.ofenbau-krezdorn.com\/wp-content\/uploads\/2013\/08\/073-114x114.jpg 114w\" sizes=\"(max-width: 150px) 100vw, 150px\" \/><\/a>\n\t\t\t<\/dt><\/dl><br style=\"clear: both\" \/><dl class='gallery-item'>\n\t\t\t<dt class='gallery-icon landscape'>\n\t\t\t\t<a href='https:\/\/www.ofenbau-krezdorn.com\/wp-content\/uploads\/2013\/08\/074.jpg'><img width=\"150\" height=\"150\" src=\"https:\/\/www.ofenbau-krezdorn.com\/wp-content\/uploads\/2013\/08\/074-150x150.jpg\" class=\"attachment-thumbnail size-thumbnail\" alt=\"\" loading=\"lazy\" srcset=\"https:\/\/www.ofenbau-krezdorn.com\/wp-content\/uploads\/2013\/08\/074-150x150.jpg 150w, https:\/\/www.ofenbau-krezdorn.com\/wp-content\/uploads\/2013\/08\/074-114x114.jpg 114w\" sizes=\"(max-width: 150px) 100vw, 150px\" \/><\/a>\n\t\t\t<\/dt><\/dl>\n\t\t\t<br style='clear: both' \/>\n\t\t<\/div>\n\n<p>&nbsp;<\/p>\n<p>&nbsp;<\/p>\n<p>und so brennt unser Ofen \ud83d\ude09<\/p>\n<p>&nbsp;<\/p>\n<p><a href=\"https:\/\/www.ofenbau-krezdorn.com\/wp-content\/uploads\/2013\/08\/073.mpg\"><img loading=\"lazy\" class=\"alignnone size-thumbnail non-image\" title=\"073\" src=\"https:\/\/www.ofenbau-krezdorn.com\/wp-includes\/images\/crystal\/video.png\" alt=\"073\" width=\"\" height=\"\" \/><\/a><\/p>\n","protected":false},"excerpt":{"rendered":"<p>&nbsp; &nbsp; Ein komplett gemauert und verputzter Ofen, der gleichzeitig als Raumtrenner fungiert steht seit kurzem in St. Leonhard in Passeier. Feuertisch und Ablagefl\u00e4che sind in Keramik ausgef\u00fchrt, die optisch an Steinplatten erinnern. Die Au\u00dfenh\u00fclle [&hellip;]<\/p>\n","protected":false},"author":1,"featured_media":249,"comment_status":"open","ping_status":"open","sticky":false,"template":"","format":"standard","meta":[],"categories":[1,5],"tags":[],"acf":[],"yoast_head":"<!-- This site is optimized with the Yoast SEO plugin v19.3 - https:\/\/yoast.com\/wordpress\/plugins\/seo\/ -->\n<title>Der Traum mit vielen Ecken und Kanten - Ofensetzer Florian Krezdorn<\/title>\n<meta name=\"robots\" content=\"index, follow, max-snippet:-1, max-image-preview:large, max-video-preview:-1\" \/>\n<link rel=\"canonical\" href=\"https:\/\/www.ofenbau-krezdorn.com\/?p=248\" \/>\n<meta property=\"og:locale\" content=\"de_DE\" \/>\n<meta property=\"og:type\" content=\"article\" \/>\n<meta property=\"og:title\" content=\"Der Traum mit vielen Ecken und Kanten - Ofensetzer Florian Krezdorn\" \/>\n<meta property=\"og:description\" content=\"&nbsp; &nbsp; Ein komplett gemauert und verputzter Ofen, der gleichzeitig als Raumtrenner fungiert steht seit kurzem in St. Leonhard in Passeier. Feuertisch und Ablagefl\u00e4che sind in Keramik ausgef\u00fchrt, die optisch an Steinplatten erinnern. Die Au\u00dfenh\u00fclle [&hellip;]\" \/>\n<meta property=\"og:url\" content=\"https:\/\/www.ofenbau-krezdorn.com\/?p=248\" \/>\n<meta property=\"og:site_name\" content=\"Ofensetzer Florian Krezdorn\" \/>\n<meta property=\"article:published_time\" content=\"2013-08-29T12:26:21+00:00\" \/>\n<meta property=\"article:modified_time\" content=\"2013-08-29T12:39:45+00:00\" \/>\n<meta property=\"og:image\" content=\"https:\/\/www.ofenbau-krezdorn.com\/wp-content\/uploads\/2013\/08\/076_Klein.jpg\" \/>\n\t<meta property=\"og:image:width\" content=\"2362\" \/>\n\t<meta property=\"og:image:height\" content=\"1772\" \/>\n\t<meta property=\"og:image:type\" content=\"image\/jpeg\" \/>\n<meta name=\"author\" content=\"effekt\" \/>\n<meta name=\"twitter:card\" content=\"summary\" \/>\n<meta name=\"twitter:label1\" content=\"Verfasst von\" \/>\n\t<meta name=\"twitter:data1\" content=\"effekt\" \/>\n<script type=\"application\/ld+json\" class=\"yoast-schema-graph\">{\"@context\":\"https:\/\/schema.org\",\"@graph\":[{\"@type\":\"WebSite\",\"@id\":\"https:\/\/www.ofenbau-krezdorn.com\/#website\",\"url\":\"https:\/\/www.ofenbau-krezdorn.com\/\",\"name\":\"Ofensetzer Florian Krezdorn\",\"description\":\"St. Martin in Passeier\",\"potentialAction\":[{\"@type\":\"SearchAction\",\"target\":{\"@type\":\"EntryPoint\",\"urlTemplate\":\"https:\/\/www.ofenbau-krezdorn.com\/?s={search_term_string}\"},\"query-input\":\"required name=search_term_string\"}],\"inLanguage\":\"de\"},{\"@type\":\"ImageObject\",\"inLanguage\":\"de\",\"@id\":\"https:\/\/www.ofenbau-krezdorn.com\/?p=248#primaryimage\",\"url\":\"https:\/\/www.ofenbau-krezdorn.com\/wp-content\/uploads\/2013\/08\/076_Klein.jpg\",\"contentUrl\":\"https:\/\/www.ofenbau-krezdorn.com\/wp-content\/uploads\/2013\/08\/076_Klein.jpg\",\"width\":\"2362\",\"height\":\"1772\"},{\"@type\":\"WebPage\",\"@id\":\"https:\/\/www.ofenbau-krezdorn.com\/?p=248\",\"url\":\"https:\/\/www.ofenbau-krezdorn.com\/?p=248\",\"name\":\"Der Traum mit vielen Ecken und Kanten - Ofensetzer Florian Krezdorn\",\"isPartOf\":{\"@id\":\"https:\/\/www.ofenbau-krezdorn.com\/#website\"},\"primaryImageOfPage\":{\"@id\":\"https:\/\/www.ofenbau-krezdorn.com\/?p=248#primaryimage\"},\"datePublished\":\"2013-08-29T12:26:21+00:00\",\"dateModified\":\"2013-08-29T12:39:45+00:00\",\"author\":{\"@id\":\"https:\/\/www.ofenbau-krezdorn.com\/#\/schema\/person\/19e86c7c6b8976b4128bfaabd33090f4\"},\"breadcrumb\":{\"@id\":\"https:\/\/www.ofenbau-krezdorn.com\/?p=248#breadcrumb\"},\"inLanguage\":\"de\",\"potentialAction\":[{\"@type\":\"ReadAction\",\"target\":[\"https:\/\/www.ofenbau-krezdorn.com\/?p=248\"]}]},{\"@type\":\"BreadcrumbList\",\"@id\":\"https:\/\/www.ofenbau-krezdorn.com\/?p=248#breadcrumb\",\"itemListElement\":[{\"@type\":\"ListItem\",\"position\":1,\"name\":\"Startseite\",\"item\":\"https:\/\/www.ofenbau-krezdorn.com\/\"},{\"@type\":\"ListItem\",\"position\":2,\"name\":\"Der Traum mit vielen Ecken und Kanten\"}]},{\"@type\":\"Person\",\"@id\":\"https:\/\/www.ofenbau-krezdorn.com\/#\/schema\/person\/19e86c7c6b8976b4128bfaabd33090f4\",\"name\":\"effekt\",\"image\":{\"@type\":\"ImageObject\",\"inLanguage\":\"de\",\"@id\":\"https:\/\/www.ofenbau-krezdorn.com\/#\/schema\/person\/image\/\",\"url\":\"https:\/\/secure.gravatar.com\/avatar\/c61392a2ff54be58ebec60a2e4f0ff1e?s=96&d=mm&r=g\",\"contentUrl\":\"https:\/\/secure.gravatar.com\/avatar\/c61392a2ff54be58ebec60a2e4f0ff1e?s=96&d=mm&r=g\",\"caption\":\"effekt\"},\"url\":\"https:\/\/www.ofenbau-krezdorn.com\/?author=1\"}]}<\/script>\n<!-- \/ Yoast SEO plugin. -->","yoast_head_json":{"title":"Der Traum mit vielen Ecken und Kanten - Ofensetzer Florian Krezdorn","robots":{"index":"index","follow":"follow","max-snippet":"max-snippet:-1","max-image-preview":"max-image-preview:large","max-video-preview":"max-video-preview:-1"},"canonical":"https:\/\/www.ofenbau-krezdorn.com\/?p=248","og_locale":"de_DE","og_type":"article","og_title":"Der Traum mit vielen Ecken und Kanten - Ofensetzer Florian Krezdorn","og_description":"&nbsp; &nbsp; Ein komplett gemauert und verputzter Ofen, der gleichzeitig als Raumtrenner fungiert steht seit kurzem in St. Leonhard in Passeier. Feuertisch und Ablagefl\u00e4che sind in Keramik ausgef\u00fchrt, die optisch an Steinplatten erinnern. Die Au\u00dfenh\u00fclle [&hellip;]","og_url":"https:\/\/www.ofenbau-krezdorn.com\/?p=248","og_site_name":"Ofensetzer Florian Krezdorn","article_published_time":"2013-08-29T12:26:21+00:00","article_modified_time":"2013-08-29T12:39:45+00:00","og_image":[{"width":"2362","height":"1772","url":"https:\/\/www.ofenbau-krezdorn.com\/wp-content\/uploads\/2013\/08\/076_Klein.jpg","type":"image\/jpeg"}],"author":"effekt","twitter_card":"summary","twitter_misc":{"Verfasst von":"effekt"},"schema":{"@context":"https:\/\/schema.org","@graph":[{"@type":"WebSite","@id":"https:\/\/www.ofenbau-krezdorn.com\/#website","url":"https:\/\/www.ofenbau-krezdorn.com\/","name":"Ofensetzer Florian Krezdorn","description":"St. Martin in Passeier","potentialAction":[{"@type":"SearchAction","target":{"@type":"EntryPoint","urlTemplate":"https:\/\/www.ofenbau-krezdorn.com\/?s={search_term_string}"},"query-input":"required name=search_term_string"}],"inLanguage":"de"},{"@type":"ImageObject","inLanguage":"de","@id":"https:\/\/www.ofenbau-krezdorn.com\/?p=248#primaryimage","url":"https:\/\/www.ofenbau-krezdorn.com\/wp-content\/uploads\/2013\/08\/076_Klein.jpg","contentUrl":"https:\/\/www.ofenbau-krezdorn.com\/wp-content\/uploads\/2013\/08\/076_Klein.jpg","width":"2362","height":"1772"},{"@type":"WebPage","@id":"https:\/\/www.ofenbau-krezdorn.com\/?p=248","url":"https:\/\/www.ofenbau-krezdorn.com\/?p=248","name":"Der Traum mit vielen Ecken und Kanten - Ofensetzer Florian Krezdorn","isPartOf":{"@id":"https:\/\/www.ofenbau-krezdorn.com\/#website"},"primaryImageOfPage":{"@id":"https:\/\/www.ofenbau-krezdorn.com\/?p=248#primaryimage"},"datePublished":"2013-08-29T12:26:21+00:00","dateModified":"2013-08-29T12:39:45+00:00","author":{"@id":"https:\/\/www.ofenbau-krezdorn.com\/#\/schema\/person\/19e86c7c6b8976b4128bfaabd33090f4"},"breadcrumb":{"@id":"https:\/\/www.ofenbau-krezdorn.com\/?p=248#breadcrumb"},"inLanguage":"de","potentialAction":[{"@type":"ReadAction","target":["https:\/\/www.ofenbau-krezdorn.com\/?p=248"]}]},{"@type":"BreadcrumbList","@id":"https:\/\/www.ofenbau-krezdorn.com\/?p=248#breadcrumb","itemListElement":[{"@type":"ListItem","position":1,"name":"Startseite","item":"https:\/\/www.ofenbau-krezdorn.com\/"},{"@type":"ListItem","position":2,"name":"Der Traum mit vielen Ecken und Kanten"}]},{"@type":"Person","@id":"https:\/\/www.ofenbau-krezdorn.com\/#\/schema\/person\/19e86c7c6b8976b4128bfaabd33090f4","name":"effekt","image":{"@type":"ImageObject","inLanguage":"de","@id":"https:\/\/www.ofenbau-krezdorn.com\/#\/schema\/person\/image\/","url":"https:\/\/secure.gravatar.com\/avatar\/c61392a2ff54be58ebec60a2e4f0ff1e?s=96&d=mm&r=g","contentUrl":"https:\/\/secure.gravatar.com\/avatar\/c61392a2ff54be58ebec60a2e4f0ff1e?s=96&d=mm&r=g","caption":"effekt"},"url":"https:\/\/www.ofenbau-krezdorn.com\/?author=1"}]}},"_links":{"self":[{"href":"https:\/\/www.ofenbau-krezdorn.com\/index.php?rest_route=\/wp\/v2\/posts\/248"}],"collection":[{"href":"https:\/\/www.ofenbau-krezdorn.com\/index.php?rest_route=\/wp\/v2\/posts"}],"about":[{"href":"https:\/\/www.ofenbau-krezdorn.com\/index.php?rest_route=\/wp\/v2\/types\/post"}],"author":[{"embeddable":true,"href":"https:\/\/www.ofenbau-krezdorn.com\/index.php?rest_route=\/wp\/v2\/users\/1"}],"replies":[{"embeddable":true,"href":"https:\/\/www.ofenbau-krezdorn.com\/index.php?rest_route=%2Fwp%2Fv2%2Fcomments&post=248"}],"version-history":[{"count":10,"href":"https:\/\/www.ofenbau-krezdorn.com\/index.php?rest_route=\/wp\/v2\/posts\/248\/revisions"}],"predecessor-version":[{"id":264,"href":"https:\/\/www.ofenbau-krezdorn.com\/index.php?rest_route=\/wp\/v2\/posts\/248\/revisions\/264"}],"wp:featuredmedia":[{"embeddable":true,"href":"https:\/\/www.ofenbau-krezdorn.com\/index.php?rest_route=\/wp\/v2\/media\/249"}],"wp:attachment":[{"href":"https:\/\/www.ofenbau-krezdorn.com\/index.php?rest_route=%2Fwp%2Fv2%2Fmedia&parent=248"}],"wp:term":[{"taxonomy":"category","embeddable":true,"href":"https:\/\/www.ofenbau-krezdorn.com\/index.php?rest_route=%2Fwp%2Fv2%2Fcategories&post=248"},{"taxonomy":"post_tag","embeddable":true,"href":"https:\/\/www.ofenbau-krezdorn.com\/index.php?rest_route=%2Fwp%2Fv2%2Ftags&post=248"}],"curies":[{"name":"wp","href":"https:\/\/api.w.org\/{rel}","templated":true}]}}